{"id":617,"date":"2025-03-25T19:52:27","date_gmt":"2025-03-25T22:52:27","guid":{"rendered":"https:\/\/www.threefathersmemorial.ca\/?p=617"},"modified":"2025-03-26T09:43:19","modified_gmt":"2025-03-26T12:43:19","slug":"apres-une-decennie-dactivites-la-coursecommemorative-pour-trois-peres-se-termine","status":"publish","type":"post","link":"https:\/\/www.threefathersmemorial.ca\/fr\/apres-une-decennie-dactivites-la-coursecommemorative-pour-trois-peres-se-termine\/","title":{"rendered":"Apr\u00e8s une d\u00e9cennie d\u2019activit\u00e9s, la Course comm\u00e9morative pour trois p\u00e8res se termine."},"content":{"rendered":"\n<p><strong><em>Apr\u00e8s une d\u00e9cennie d\u2019activit\u00e9s, la Course comm\u00e9morative pour trois p\u00e8res se termine.<\/em><\/strong><br><br><em>Moncton, 21 mars 2025 \u2013<\/em><br><br>\u00ab La course a \u00e9t\u00e9 cr\u00e9\u00e9e quelques jours apr\u00e8s les incidents du 4 juin 2014 dans un esprit de soutien communautaire et pour permettre \u00e0 l\u2019ensemble des gens de notre r\u00e9gion de traverser cette terrible \u00e9preuve. Le deuil est un processus et aujourd\u2019hui, il est temps de passer \u00e0 autre chose. \u00bb C\u2019est dans ces mots que Nadine Larche, porte-parole du conseil d\u2019administration de la Course comm\u00e9morative pour trois p\u00e8res, annonce qu\u2019apr\u00e8s 10 ans, l\u2019\u00e9v\u00e9nement ne sera pas de retour en 2025.<br><br>Ce n\u2019est pas un hasard si l\u2019\u00e9v\u00e9nement s\u2019est tenu le jour de la f\u00eate des p\u00e8res depuis 2014. En plus de permettre la comm\u00e9moration du sacrifice ultime des constables Doug Larche, Dave Ross et Fabrice Gevaudan, la course amassait des fonds pour remettre des bourses \u00e0 des \u00e9l\u00e8ves finissants des six \u00e9coles publiques desservies par le d\u00e9tachement Codiac de la GRC.<br><br>\u00ab Nous sommes incroyablement reconnaissants \u00e0 toutes les personnes qui ont particip\u00e9 \u00e0 la course, \u00e0 nos commanditaires et aux nombreux b\u00e9n\u00e9voles qui ont permis la tenue de l\u2019\u00e9v\u00e9nement pendant ces dix ans. Pour les familles et les membres de la GRC, cet \u00e9lan de soutien et de bont\u00e9 a \u00e9t\u00e9 une grande source de r\u00e9confort, \u00bb ajoute Madame Larche.<br><br><strong><em>La remise de bourses d\u2019\u00e9tudes se poursuit <br><\/em><\/strong><br>Le conseil d\u2019administration continuera \u00e0 remettre des bourses aux \u00e9l\u00e8ves finissants des six \u00e9coles secondaires publiques desservies par le d\u00e9tachement Codiac de la GRC. <br><br>Les fonds qui restent vont continuer \u00e0 \u00eatre remis \u00e0 des \u00e9l\u00e8ves de 12e ann\u00e9e de la r\u00e9gion. La Course comm\u00e9morative pour trois p\u00e8res accepte toujours des dons pour le fonds de bourses, et des bourses continueront d\u2019\u00eatre attribu\u00e9es dans les ann\u00e9es \u00e0 venir tant que les dons le permettront. Ceux qui souhaitent contribuer peuvent se renseigner sur les fa\u00e7ons de soutenir cet h\u00e9ritage durable. Les jeunes qui veulent faire une demande de bourse peuvent s\u2019informer aupr\u00e8s de leur \u00e9cole.<br><br>\u00ab Plus de 160 jeunes de notre communaut\u00e9 ont d\u00e9j\u00e0 pu compter sur ces bourses d\u2019\u00e9tudes, avec plus de 150 000 $ remis pour les aider dans leur parcours post-secondaire. C\u2019est une grande source de fiert\u00e9 pour nous tous et nous continuerons d\u2019accompagner nos finissants et finissantes tant que nous le pourrons, \u00bb conclut Nadine Larche.<br><br>-30-<br><br>Renseignements : Nadine Larche, porte-parole<\/p>\n","protected":false},"excerpt":{"rendered":"<p>Apr\u00e8s une d\u00e9cennie d\u2019activit\u00e9s, la Course comm\u00e9morative pour trois p\u00e8res se termine. Moncton, 21 mars 2025 \u2013 \u00ab La course a \u00e9t\u00e9 cr\u00e9\u00e9e quelques jours apr\u00e8s les incidents du 4 juin 2014 dans un esprit de soutien communautaire et pour permettre \u00e0 l\u2019ensemble des gens de notre r\u00e9gion de traverser cette terrible \u00e9preuve. Le deuil [&hellip;]<\/p>\n","protected":false},"author":22,"featured_media":179,"comment_status":"closed","ping_status":"closed","sticky":false,"template":"","format":"standard","meta":{"footnotes":""},"categories":[3],"tags":[],"class_list":["post-617","post","type-post","status-publish","format-standard","has-post-thumbnail","hentry","category-non-classifiee"],"yoast_head":"<!-- This site is optimized with the Yoast SEO plugin v27.4 - https:\/\/yoast.com\/product\/yoast-seo-wordpress\/ -->\n<title>Apr\u00e8s une d\u00e9cennie d\u2019activit\u00e9s, la Course comm\u00e9morative pour trois p\u00e8res se termine. - Three Fathers Memorial<\/title>\n<meta name=\"robots\" content=\"index, follow, max-snippet:-1, max-image-preview:large, max-video-preview:-1\" \/>\n<link rel=\"canonical\" href=\"https:\/\/www.threefathersmemorial.ca\/fr\/apres-une-decennie-dactivites-la-coursecommemorative-pour-trois-peres-se-termine\/\" \/>\n<meta property=\"og:locale\" content=\"fr_FR\" \/>\n<meta property=\"og:type\" content=\"article\" \/>\n<meta property=\"og:title\" content=\"Apr\u00e8s une d\u00e9cennie d\u2019activit\u00e9s, la Course comm\u00e9morative pour trois p\u00e8res se termine. - Three Fathers Memorial\" \/>\n<meta property=\"og:description\" content=\"Apr\u00e8s une d\u00e9cennie d\u2019activit\u00e9s, la Course comm\u00e9morative pour trois p\u00e8res se termine. Moncton, 21 mars 2025 \u2013 \u00ab La course a \u00e9t\u00e9 cr\u00e9\u00e9e quelques jours apr\u00e8s les incidents du 4 juin 2014 dans un esprit de soutien communautaire et pour permettre \u00e0 l\u2019ensemble des gens de notre r\u00e9gion de traverser cette terrible \u00e9preuve. Le deuil [&hellip;]\" \/>\n<meta property=\"og:url\" content=\"https:\/\/www.threefathersmemorial.ca\/fr\/apres-une-decennie-dactivites-la-coursecommemorative-pour-trois-peres-se-termine\/\" \/>\n<meta property=\"og:site_name\" content=\"Three Fathers Memorial\" \/>\n<meta property=\"article:publisher\" content=\"https:\/\/www.facebook.com\/Threefathersmemorialrun\/\" \/>\n<meta property=\"article:published_time\" content=\"2025-03-25T22:52:27+00:00\" \/>\n<meta property=\"article:modified_time\" content=\"2025-03-26T12:43:19+00:00\" \/>\n<meta property=\"og:image\" content=\"https:\/\/www.threefathersmemorial.ca\/wp-content\/uploads\/sites\/47\/2022\/10\/cropped-favicon.png\" \/>\n\t<meta property=\"og:image:width\" content=\"512\" \/>\n\t<meta property=\"og:image:height\" content=\"512\" \/>\n\t<meta property=\"og:image:type\" content=\"image\/png\" \/>\n<meta name=\"author\" content=\"threefathersmemorial\" \/>\n<meta name=\"twitter:card\" content=\"summary_large_image\" \/>\n<meta name=\"twitter:label1\" content=\"\u00c9crit par\" \/>\n\t<meta name=\"twitter:data1\" content=\"threefathersmemorial\" \/>\n\t<meta name=\"twitter:label2\" content=\"Dur\u00e9e de lecture estim\u00e9e\" \/>\n\t<meta name=\"twitter:data2\" content=\"2 minutes\" \/>\n<script type=\"application\/ld+json\" class=\"yoast-schema-graph\">{\"@context\":\"https:\\\/\\\/schema.org\",\"@graph\":[{\"@type\":\"Article\",\"@id\":\"https:\\\/\\\/www.threefathersmemorial.ca\\\/fr\\\/apres-une-decennie-dactivites-la-coursecommemorative-pour-trois-peres-se-termine\\\/#article\",\"isPartOf\":{\"@id\":\"https:\\\/\\\/www.threefathersmemorial.ca\\\/fr\\\/apres-une-decennie-dactivites-la-coursecommemorative-pour-trois-peres-se-termine\\\/\"},\"author\":{\"name\":\"threefathersmemorial\",\"@id\":\"https:\\\/\\\/www.threefathersmemorial.ca\\\/fr\\\/#\\\/schema\\\/person\\\/610605e0062559e9a1baf2d59bafe45e\"},\"headline\":\"Apr\u00e8s une d\u00e9cennie d\u2019activit\u00e9s, la Course comm\u00e9morative pour trois p\u00e8res se termine.\",\"datePublished\":\"2025-03-25T22:52:27+00:00\",\"dateModified\":\"2025-03-26T12:43:19+00:00\",\"mainEntityOfPage\":{\"@id\":\"https:\\\/\\\/www.threefathersmemorial.ca\\\/fr\\\/apres-une-decennie-dactivites-la-coursecommemorative-pour-trois-peres-se-termine\\\/\"},\"wordCount\":436,\"publisher\":{\"@id\":\"https:\\\/\\\/www.threefathersmemorial.ca\\\/fr\\\/#organization\"},\"image\":{\"@id\":\"https:\\\/\\\/www.threefathersmemorial.ca\\\/fr\\\/apres-une-decennie-dactivites-la-coursecommemorative-pour-trois-peres-se-termine\\\/#primaryimage\"},\"thumbnailUrl\":\"https:\\\/\\\/www.threefathersmemorial.ca\\\/wp-content\\\/uploads\\\/sites\\\/47\\\/2022\\\/10\\\/cropped-favicon.png\",\"articleSection\":[\"Non classifi\u00e9(e)\"],\"inLanguage\":\"fr-FR\"},{\"@type\":\"WebPage\",\"@id\":\"https:\\\/\\\/www.threefathersmemorial.ca\\\/fr\\\/apres-une-decennie-dactivites-la-coursecommemorative-pour-trois-peres-se-termine\\\/\",\"url\":\"https:\\\/\\\/www.threefathersmemorial.ca\\\/fr\\\/apres-une-decennie-dactivites-la-coursecommemorative-pour-trois-peres-se-termine\\\/\",\"name\":\"Apr\u00e8s une d\u00e9cennie d\u2019activit\u00e9s, la Course comm\u00e9morative pour trois p\u00e8res se termine. - Three Fathers Memorial\",\"isPartOf\":{\"@id\":\"https:\\\/\\\/www.threefathersmemorial.ca\\\/fr\\\/#website\"},\"primaryImageOfPage\":{\"@id\":\"https:\\\/\\\/www.threefathersmemorial.ca\\\/fr\\\/apres-une-decennie-dactivites-la-coursecommemorative-pour-trois-peres-se-termine\\\/#primaryimage\"},\"image\":{\"@id\":\"https:\\\/\\\/www.threefathersmemorial.ca\\\/fr\\\/apres-une-decennie-dactivites-la-coursecommemorative-pour-trois-peres-se-termine\\\/#primaryimage\"},\"thumbnailUrl\":\"https:\\\/\\\/www.threefathersmemorial.ca\\\/wp-content\\\/uploads\\\/sites\\\/47\\\/2022\\\/10\\\/cropped-favicon.png\",\"datePublished\":\"2025-03-25T22:52:27+00:00\",\"dateModified\":\"2025-03-26T12:43:19+00:00\",\"breadcrumb\":{\"@id\":\"https:\\\/\\\/www.threefathersmemorial.ca\\\/fr\\\/apres-une-decennie-dactivites-la-coursecommemorative-pour-trois-peres-se-termine\\\/#breadcrumb\"},\"inLanguage\":\"fr-FR\",\"potentialAction\":[{\"@type\":\"ReadAction\",\"target\":[\"https:\\\/\\\/www.threefathersmemorial.ca\\\/fr\\\/apres-une-decennie-dactivites-la-coursecommemorative-pour-trois-peres-se-termine\\\/\"]}]},{\"@type\":\"ImageObject\",\"inLanguage\":\"fr-FR\",\"@id\":\"https:\\\/\\\/www.threefathersmemorial.ca\\\/fr\\\/apres-une-decennie-dactivites-la-coursecommemorative-pour-trois-peres-se-termine\\\/#primaryimage\",\"url\":\"https:\\\/\\\/www.threefathersmemorial.ca\\\/wp-content\\\/uploads\\\/sites\\\/47\\\/2022\\\/10\\\/cropped-favicon.png\",\"contentUrl\":\"https:\\\/\\\/www.threefathersmemorial.ca\\\/wp-content\\\/uploads\\\/sites\\\/47\\\/2022\\\/10\\\/cropped-favicon.png\",\"width\":512,\"height\":512},{\"@type\":\"BreadcrumbList\",\"@id\":\"https:\\\/\\\/www.threefathersmemorial.ca\\\/fr\\\/apres-une-decennie-dactivites-la-coursecommemorative-pour-trois-peres-se-termine\\\/#breadcrumb\",\"itemListElement\":[{\"@type\":\"ListItem\",\"position\":1,\"name\":\"Home\",\"item\":\"https:\\\/\\\/www.threefathersmemorial.ca\\\/fr\\\/\"},{\"@type\":\"ListItem\",\"position\":2,\"name\":\"Apr\u00e8s une d\u00e9cennie d\u2019activit\u00e9s, la Course comm\u00e9morative pour trois p\u00e8res se termine.\"}]},{\"@type\":\"WebSite\",\"@id\":\"https:\\\/\\\/www.threefathersmemorial.ca\\\/fr\\\/#website\",\"url\":\"https:\\\/\\\/www.threefathersmemorial.ca\\\/fr\\\/\",\"name\":\"Three Fathers Memorial\",\"description\":\"\",\"publisher\":{\"@id\":\"https:\\\/\\\/www.threefathersmemorial.ca\\\/fr\\\/#organization\"},\"potentialAction\":[{\"@type\":\"SearchAction\",\"target\":{\"@type\":\"EntryPoint\",\"urlTemplate\":\"https:\\\/\\\/www.threefathersmemorial.ca\\\/fr\\\/?s={search_term_string}\"},\"query-input\":{\"@type\":\"PropertyValueSpecification\",\"valueRequired\":true,\"valueName\":\"search_term_string\"}}],\"inLanguage\":\"fr-FR\"},{\"@type\":\"Organization\",\"@id\":\"https:\\\/\\\/www.threefathersmemorial.ca\\\/fr\\\/#organization\",\"name\":\"Three Fathers Memorial\",\"url\":\"https:\\\/\\\/www.threefathersmemorial.ca\\\/fr\\\/\",\"logo\":{\"@type\":\"ImageObject\",\"inLanguage\":\"fr-FR\",\"@id\":\"https:\\\/\\\/www.threefathersmemorial.ca\\\/fr\\\/#\\\/schema\\\/logo\\\/image\\\/\",\"url\":\"https:\\\/\\\/www.threefathersmemorial.ca\\\/wp-content\\\/uploads\\\/sites\\\/47\\\/2016\\\/03\\\/Three-Fathers-Event-Logo-Wide.png\",\"contentUrl\":\"https:\\\/\\\/www.threefathersmemorial.ca\\\/wp-content\\\/uploads\\\/sites\\\/47\\\/2016\\\/03\\\/Three-Fathers-Event-Logo-Wide.png\",\"width\":1200,\"height\":585,\"caption\":\"Three Fathers Memorial\"},\"image\":{\"@id\":\"https:\\\/\\\/www.threefathersmemorial.ca\\\/fr\\\/#\\\/schema\\\/logo\\\/image\\\/\"},\"sameAs\":[\"https:\\\/\\\/www.facebook.com\\\/Threefathersmemorialrun\\\/\"]},{\"@type\":\"Person\",\"@id\":\"https:\\\/\\\/www.threefathersmemorial.ca\\\/fr\\\/#\\\/schema\\\/person\\\/610605e0062559e9a1baf2d59bafe45e\",\"name\":\"threefathersmemorial\",\"image\":{\"@type\":\"ImageObject\",\"inLanguage\":\"fr-FR\",\"@id\":\"https:\\\/\\\/secure.gravatar.com\\\/avatar\\\/a8e8ec1706ff1877ec23a513ec9ba85166075ec42302d17e332dd8ae101ea100?s=96&d=mm&r=g\",\"url\":\"https:\\\/\\\/secure.gravatar.com\\\/avatar\\\/a8e8ec1706ff1877ec23a513ec9ba85166075ec42302d17e332dd8ae101ea100?s=96&d=mm&r=g\",\"contentUrl\":\"https:\\\/\\\/secure.gravatar.com\\\/avatar\\\/a8e8ec1706ff1877ec23a513ec9ba85166075ec42302d17e332dd8ae101ea100?s=96&d=mm&r=g\",\"caption\":\"threefathersmemorial\"}}]}<\/script>\n<!-- \/ Yoast SEO plugin. -->","yoast_head_json":{"title":"Apr\u00e8s une d\u00e9cennie d\u2019activit\u00e9s, la Course comm\u00e9morative pour trois p\u00e8res se termine. - Three Fathers Memorial","robots":{"index":"index","follow":"follow","max-snippet":"max-snippet:-1","max-image-preview":"max-image-preview:large","max-video-preview":"max-video-preview:-1"},"canonical":"https:\/\/www.threefathersmemorial.ca\/fr\/apres-une-decennie-dactivites-la-coursecommemorative-pour-trois-peres-se-termine\/","og_locale":"fr_FR","og_type":"article","og_title":"Apr\u00e8s une d\u00e9cennie d\u2019activit\u00e9s, la Course comm\u00e9morative pour trois p\u00e8res se termine. - Three Fathers Memorial","og_description":"Apr\u00e8s une d\u00e9cennie d\u2019activit\u00e9s, la Course comm\u00e9morative pour trois p\u00e8res se termine. Moncton, 21 mars 2025 \u2013 \u00ab La course a \u00e9t\u00e9 cr\u00e9\u00e9e quelques jours apr\u00e8s les incidents du 4 juin 2014 dans un esprit de soutien communautaire et pour permettre \u00e0 l\u2019ensemble des gens de notre r\u00e9gion de traverser cette terrible \u00e9preuve. Le deuil [&hellip;]","og_url":"https:\/\/www.threefathersmemorial.ca\/fr\/apres-une-decennie-dactivites-la-coursecommemorative-pour-trois-peres-se-termine\/","og_site_name":"Three Fathers Memorial","article_publisher":"https:\/\/www.facebook.com\/Threefathersmemorialrun\/","article_published_time":"2025-03-25T22:52:27+00:00","article_modified_time":"2025-03-26T12:43:19+00:00","og_image":[{"width":512,"height":512,"url":"https:\/\/www.threefathersmemorial.ca\/wp-content\/uploads\/sites\/47\/2022\/10\/cropped-favicon.png","type":"image\/png"}],"author":"threefathersmemorial","twitter_card":"summary_large_image","twitter_misc":{"\u00c9crit par":"threefathersmemorial","Dur\u00e9e de lecture estim\u00e9e":"2 minutes"},"schema":{"@context":"https:\/\/schema.org","@graph":[{"@type":"Article","@id":"https:\/\/www.threefathersmemorial.ca\/fr\/apres-une-decennie-dactivites-la-coursecommemorative-pour-trois-peres-se-termine\/#article","isPartOf":{"@id":"https:\/\/www.threefathersmemorial.ca\/fr\/apres-une-decennie-dactivites-la-coursecommemorative-pour-trois-peres-se-termine\/"},"author":{"name":"threefathersmemorial","@id":"https:\/\/www.threefathersmemorial.ca\/fr\/#\/schema\/person\/610605e0062559e9a1baf2d59bafe45e"},"headline":"Apr\u00e8s une d\u00e9cennie d\u2019activit\u00e9s, la Course comm\u00e9morative pour trois p\u00e8res se termine.","datePublished":"2025-03-25T22:52:27+00:00","dateModified":"2025-03-26T12:43:19+00:00","mainEntityOfPage":{"@id":"https:\/\/www.threefathersmemorial.ca\/fr\/apres-une-decennie-dactivites-la-coursecommemorative-pour-trois-peres-se-termine\/"},"wordCount":436,"publisher":{"@id":"https:\/\/www.threefathersmemorial.ca\/fr\/#organization"},"image":{"@id":"https:\/\/www.threefathersmemorial.ca\/fr\/apres-une-decennie-dactivites-la-coursecommemorative-pour-trois-peres-se-termine\/#primaryimage"},"thumbnailUrl":"https:\/\/www.threefathersmemorial.ca\/wp-content\/uploads\/sites\/47\/2022\/10\/cropped-favicon.png","articleSection":["Non classifi\u00e9(e)"],"inLanguage":"fr-FR"},{"@type":"WebPage","@id":"https:\/\/www.threefathersmemorial.ca\/fr\/apres-une-decennie-dactivites-la-coursecommemorative-pour-trois-peres-se-termine\/","url":"https:\/\/www.threefathersmemorial.ca\/fr\/apres-une-decennie-dactivites-la-coursecommemorative-pour-trois-peres-se-termine\/","name":"Apr\u00e8s une d\u00e9cennie d\u2019activit\u00e9s, la Course comm\u00e9morative pour trois p\u00e8res se termine. - Three Fathers Memorial","isPartOf":{"@id":"https:\/\/www.threefathersmemorial.ca\/fr\/#website"},"primaryImageOfPage":{"@id":"https:\/\/www.threefathersmemorial.ca\/fr\/apres-une-decennie-dactivites-la-coursecommemorative-pour-trois-peres-se-termine\/#primaryimage"},"image":{"@id":"https:\/\/www.threefathersmemorial.ca\/fr\/apres-une-decennie-dactivites-la-coursecommemorative-pour-trois-peres-se-termine\/#primaryimage"},"thumbnailUrl":"https:\/\/www.threefathersmemorial.ca\/wp-content\/uploads\/sites\/47\/2022\/10\/cropped-favicon.png","datePublished":"2025-03-25T22:52:27+00:00","dateModified":"2025-03-26T12:43:19+00:00","breadcrumb":{"@id":"https:\/\/www.threefathersmemorial.ca\/fr\/apres-une-decennie-dactivites-la-coursecommemorative-pour-trois-peres-se-termine\/#breadcrumb"},"inLanguage":"fr-FR","potentialAction":[{"@type":"ReadAction","target":["https:\/\/www.threefathersmemorial.ca\/fr\/apres-une-decennie-dactivites-la-coursecommemorative-pour-trois-peres-se-termine\/"]}]},{"@type":"ImageObject","inLanguage":"fr-FR","@id":"https:\/\/www.threefathersmemorial.ca\/fr\/apres-une-decennie-dactivites-la-coursecommemorative-pour-trois-peres-se-termine\/#primaryimage","url":"https:\/\/www.threefathersmemorial.ca\/wp-content\/uploads\/sites\/47\/2022\/10\/cropped-favicon.png","contentUrl":"https:\/\/www.threefathersmemorial.ca\/wp-content\/uploads\/sites\/47\/2022\/10\/cropped-favicon.png","width":512,"height":512},{"@type":"BreadcrumbList","@id":"https:\/\/www.threefathersmemorial.ca\/fr\/apres-une-decennie-dactivites-la-coursecommemorative-pour-trois-peres-se-termine\/#breadcrumb","itemListElement":[{"@type":"ListItem","position":1,"name":"Home","item":"https:\/\/www.threefathersmemorial.ca\/fr\/"},{"@type":"ListItem","position":2,"name":"Apr\u00e8s une d\u00e9cennie d\u2019activit\u00e9s, la Course comm\u00e9morative pour trois p\u00e8res se termine."}]},{"@type":"WebSite","@id":"https:\/\/www.threefathersmemorial.ca\/fr\/#website","url":"https:\/\/www.threefathersmemorial.ca\/fr\/","name":"Three Fathers Memorial","description":"","publisher":{"@id":"https:\/\/www.threefathersmemorial.ca\/fr\/#organization"},"potentialAction":[{"@type":"SearchAction","target":{"@type":"EntryPoint","urlTemplate":"https:\/\/www.threefathersmemorial.ca\/fr\/?s={search_term_string}"},"query-input":{"@type":"PropertyValueSpecification","valueRequired":true,"valueName":"search_term_string"}}],"inLanguage":"fr-FR"},{"@type":"Organization","@id":"https:\/\/www.threefathersmemorial.ca\/fr\/#organization","name":"Three Fathers Memorial","url":"https:\/\/www.threefathersmemorial.ca\/fr\/","logo":{"@type":"ImageObject","inLanguage":"fr-FR","@id":"https:\/\/www.threefathersmemorial.ca\/fr\/#\/schema\/logo\/image\/","url":"https:\/\/www.threefathersmemorial.ca\/wp-content\/uploads\/sites\/47\/2016\/03\/Three-Fathers-Event-Logo-Wide.png","contentUrl":"https:\/\/www.threefathersmemorial.ca\/wp-content\/uploads\/sites\/47\/2016\/03\/Three-Fathers-Event-Logo-Wide.png","width":1200,"height":585,"caption":"Three Fathers Memorial"},"image":{"@id":"https:\/\/www.threefathersmemorial.ca\/fr\/#\/schema\/logo\/image\/"},"sameAs":["https:\/\/www.facebook.com\/Threefathersmemorialrun\/"]},{"@type":"Person","@id":"https:\/\/www.threefathersmemorial.ca\/fr\/#\/schema\/person\/610605e0062559e9a1baf2d59bafe45e","name":"threefathersmemorial","image":{"@type":"ImageObject","inLanguage":"fr-FR","@id":"https:\/\/secure.gravatar.com\/avatar\/a8e8ec1706ff1877ec23a513ec9ba85166075ec42302d17e332dd8ae101ea100?s=96&d=mm&r=g","url":"https:\/\/secure.gravatar.com\/avatar\/a8e8ec1706ff1877ec23a513ec9ba85166075ec42302d17e332dd8ae101ea100?s=96&d=mm&r=g","contentUrl":"https:\/\/secure.gravatar.com\/avatar\/a8e8ec1706ff1877ec23a513ec9ba85166075ec42302d17e332dd8ae101ea100?s=96&d=mm&r=g","caption":"threefathersmemorial"}}]}},"_links":{"self":[{"href":"https:\/\/www.threefathersmemorial.ca\/fr\/wp-json\/wp\/v2\/posts\/617","targetHints":{"allow":["GET"]}}],"collection":[{"href":"https:\/\/www.threefathersmemorial.ca\/fr\/wp-json\/wp\/v2\/posts"}],"about":[{"href":"https:\/\/www.threefathersmemorial.ca\/fr\/wp-json\/wp\/v2\/types\/post"}],"author":[{"embeddable":true,"href":"https:\/\/www.threefathersmemorial.ca\/fr\/wp-json\/wp\/v2\/users\/22"}],"replies":[{"embeddable":true,"href":"https:\/\/www.threefathersmemorial.ca\/fr\/wp-json\/wp\/v2\/comments?post=617"}],"version-history":[{"count":3,"href":"https:\/\/www.threefathersmemorial.ca\/fr\/wp-json\/wp\/v2\/posts\/617\/revisions"}],"predecessor-version":[{"id":632,"href":"https:\/\/www.threefathersmemorial.ca\/fr\/wp-json\/wp\/v2\/posts\/617\/revisions\/632"}],"wp:featuredmedia":[{"embeddable":true,"href":"https:\/\/www.threefathersmemorial.ca\/fr\/wp-json\/wp\/v2\/media\/179"}],"wp:attachment":[{"href":"https:\/\/www.threefathersmemorial.ca\/fr\/wp-json\/wp\/v2\/media?parent=617"}],"wp:term":[{"taxonomy":"category","embeddable":true,"href":"https:\/\/www.threefathersmemorial.ca\/fr\/wp-json\/wp\/v2\/categories?post=617"},{"taxonomy":"post_tag","embeddable":true,"href":"https:\/\/www.threefathersmemorial.ca\/fr\/wp-json\/wp\/v2\/tags?post=617"}],"curies":[{"name":"wp","href":"https:\/\/api.w.org\/{rel}","templated":true}]}}