{"id":253,"date":"2023-04-20T14:02:27","date_gmt":"2023-04-20T17:02:27","guid":{"rendered":"https:\/\/www.threefathersmemorial.ca\/?p=253"},"modified":"2023-04-20T14:10:16","modified_gmt":"2023-04-20T17:10:16","slug":"avis-a-tous-les-marcheurs-et-coureurs","status":"publish","type":"post","link":"https:\/\/www.threefathersmemorial.ca\/fr\/avis-a-tous-les-marcheurs-et-coureurs\/","title":{"rendered":"Avis \u00e0 tous les marcheurs et coureurs!"},"content":{"rendered":"\n<p>Nous sommes honor\u00e9s d'annoncer que l'inscription est maintenant ouverte pour notre prochaine Course comm\u00e9morative pour trois p\u00e8res qui se tiendra \u00e0 nouveau en personne le 18 juin 2023.<\/p>\n\n\n\n<p>Cet \u00e9v\u00e9nement est d\u00e9di\u00e9 \u00e0 honorer et \u00e0 se souvenir de trois h\u00e9ros locaux qui ont donn\u00e9 leur vie au service de notre communaut\u00e9.<\/p>\n\n\n\n<p>Notre marche\/course est ouverte aux participants de tous niveaux, donc que vous soyez un coureur chevronn\u00e9 ou un d\u00e9butant cherchant \u00e0 compl\u00e9ter votre premier 3K, 5K ou 10K, nous vous invitons \u00e0 nous rejoindre.<\/p>\n\n\n\n<p>Inscrivez-vous maintenant pour garantir votre place!<\/p>\n\n\n\n<p>Les participants recevront un T-shirt et une m\u00e9daille.<\/p>\n\n\n\n<p>C'est l'occasion de se rassembler pour se souvenir des sacrifices par nos membres de la GRC d\u00e9c\u00e9d\u00e9s et pour remercier tous nos premiers intervenants locaux.<\/p>\n\n\n\n<p>En participant, vous soutiendrez \u00e9galement les \u00e9tudiants de notre communaut\u00e9 gr\u00e2ce aux fonds amass\u00e9s pour les bourses d\u2019\u00e9tudes - 18 000 $ donn\u00e9 chaque ann\u00e9e.<\/p>\n\n\n\n<p>Ne manquez pas cette chance de vous connecter avec d'autres coureurs et de rendre hommage \u00e0 ceux qui ont donn\u00e9 leur vie pour notre communaut\u00e9.<\/p>\n\n\n\n<p>Visitez la section \u00ab course \u00bb de notre site web pour vous inscrire - Rendez-vous sur la ligne de d\u00e9part !<\/p>\n","protected":false},"excerpt":{"rendered":"<p>Nous sommes honor\u00e9s d'annoncer que l'inscription est maintenant ouverte pour notre prochaine Course comm\u00e9morative pour trois p\u00e8res qui se tiendra \u00e0 nouveau en personne le 18 juin 2023. Cet \u00e9v\u00e9nement est d\u00e9di\u00e9 \u00e0 honorer et \u00e0 se souvenir de trois h\u00e9ros locaux qui ont donn\u00e9 leur vie au service de notre communaut\u00e9. Notre marche\/course est [&hellip;]<\/p>\n","protected":false},"author":22,"featured_media":255,"comment_status":"closed","ping_status":"closed","sticky":false,"template":"","format":"standard","meta":{"footnotes":""},"categories":[3],"tags":[],"class_list":["post-253","post","type-post","status-publish","format-standard","has-post-thumbnail","hentry","category-non-classifiee"],"yoast_head":"<!-- This site is optimized with the Yoast SEO plugin v27.4 - https:\/\/yoast.com\/product\/yoast-seo-wordpress\/ -->\n<title>Avis \u00e0 tous les marcheurs et coureurs! - Three Fathers Memorial<\/title>\n<meta name=\"robots\" content=\"index, follow, max-snippet:-1, max-image-preview:large, max-video-preview:-1\" \/>\n<link rel=\"canonical\" href=\"https:\/\/www.threefathersmemorial.ca\/fr\/avis-a-tous-les-marcheurs-et-coureurs\/\" \/>\n<meta property=\"og:locale\" content=\"fr_FR\" \/>\n<meta property=\"og:type\" content=\"article\" \/>\n<meta property=\"og:title\" content=\"Avis \u00e0 tous les marcheurs et coureurs! - Three Fathers Memorial\" \/>\n<meta property=\"og:description\" content=\"Nous sommes honor\u00e9s d&#039;annoncer que l&#039;inscription est maintenant ouverte pour notre prochaine Course comm\u00e9morative pour trois p\u00e8res qui se tiendra \u00e0 nouveau en personne le 18 juin 2023. Cet \u00e9v\u00e9nement est d\u00e9di\u00e9 \u00e0 honorer et \u00e0 se souvenir de trois h\u00e9ros locaux qui ont donn\u00e9 leur vie au service de notre communaut\u00e9. Notre marche\/course est [&hellip;]\" \/>\n<meta property=\"og:url\" content=\"https:\/\/www.threefathersmemorial.ca\/fr\/avis-a-tous-les-marcheurs-et-coureurs\/\" \/>\n<meta property=\"og:site_name\" content=\"Three Fathers Memorial\" \/>\n<meta property=\"article:publisher\" content=\"https:\/\/www.facebook.com\/Threefathersmemorialrun\/\" \/>\n<meta property=\"article:published_time\" content=\"2023-04-20T17:02:27+00:00\" \/>\n<meta property=\"article:modified_time\" content=\"2023-04-20T17:10:16+00:00\" \/>\n<meta property=\"og:image\" content=\"https:\/\/www.threefathersmemorial.ca\/wp-content\/uploads\/sites\/47\/2023\/04\/savethedatefrench.png\" \/>\n\t<meta property=\"og:image:width\" content=\"960\" \/>\n\t<meta property=\"og:image:height\" content=\"1200\" \/>\n\t<meta property=\"og:image:type\" content=\"image\/png\" \/>\n<meta name=\"author\" content=\"threefathersmemorial\" \/>\n<meta name=\"twitter:card\" content=\"summary_large_image\" \/>\n<meta name=\"twitter:label1\" content=\"\u00c9crit par\" \/>\n\t<meta name=\"twitter:data1\" content=\"threefathersmemorial\" \/>\n\t<meta name=\"twitter:label2\" content=\"Dur\u00e9e de lecture estim\u00e9e\" \/>\n\t<meta name=\"twitter:data2\" content=\"1 minute\" \/>\n<script type=\"application\/ld+json\" class=\"yoast-schema-graph\">{\"@context\":\"https:\\\/\\\/schema.org\",\"@graph\":[{\"@type\":\"Article\",\"@id\":\"https:\\\/\\\/www.threefathersmemorial.ca\\\/fr\\\/avis-a-tous-les-marcheurs-et-coureurs\\\/#article\",\"isPartOf\":{\"@id\":\"https:\\\/\\\/www.threefathersmemorial.ca\\\/fr\\\/avis-a-tous-les-marcheurs-et-coureurs\\\/\"},\"author\":{\"name\":\"threefathersmemorial\",\"@id\":\"https:\\\/\\\/www.threefathersmemorial.ca\\\/fr\\\/#\\\/schema\\\/person\\\/610605e0062559e9a1baf2d59bafe45e\"},\"headline\":\"Avis \u00e0 tous les marcheurs et coureurs!\",\"datePublished\":\"2023-04-20T17:02:27+00:00\",\"dateModified\":\"2023-04-20T17:10:16+00:00\",\"mainEntityOfPage\":{\"@id\":\"https:\\\/\\\/www.threefathersmemorial.ca\\\/fr\\\/avis-a-tous-les-marcheurs-et-coureurs\\\/\"},\"wordCount\":211,\"publisher\":{\"@id\":\"https:\\\/\\\/www.threefathersmemorial.ca\\\/fr\\\/#organization\"},\"image\":{\"@id\":\"https:\\\/\\\/www.threefathersmemorial.ca\\\/fr\\\/avis-a-tous-les-marcheurs-et-coureurs\\\/#primaryimage\"},\"thumbnailUrl\":\"https:\\\/\\\/www.threefathersmemorial.ca\\\/wp-content\\\/uploads\\\/sites\\\/47\\\/2023\\\/04\\\/savethedatefrench.png\",\"articleSection\":[\"Non classifi\u00e9(e)\"],\"inLanguage\":\"fr-FR\"},{\"@type\":\"WebPage\",\"@id\":\"https:\\\/\\\/www.threefathersmemorial.ca\\\/fr\\\/avis-a-tous-les-marcheurs-et-coureurs\\\/\",\"url\":\"https:\\\/\\\/www.threefathersmemorial.ca\\\/fr\\\/avis-a-tous-les-marcheurs-et-coureurs\\\/\",\"name\":\"Avis \u00e0 tous les marcheurs et coureurs! - Three Fathers Memorial\",\"isPartOf\":{\"@id\":\"https:\\\/\\\/www.threefathersmemorial.ca\\\/fr\\\/#website\"},\"primaryImageOfPage\":{\"@id\":\"https:\\\/\\\/www.threefathersmemorial.ca\\\/fr\\\/avis-a-tous-les-marcheurs-et-coureurs\\\/#primaryimage\"},\"image\":{\"@id\":\"https:\\\/\\\/www.threefathersmemorial.ca\\\/fr\\\/avis-a-tous-les-marcheurs-et-coureurs\\\/#primaryimage\"},\"thumbnailUrl\":\"https:\\\/\\\/www.threefathersmemorial.ca\\\/wp-content\\\/uploads\\\/sites\\\/47\\\/2023\\\/04\\\/savethedatefrench.png\",\"datePublished\":\"2023-04-20T17:02:27+00:00\",\"dateModified\":\"2023-04-20T17:10:16+00:00\",\"breadcrumb\":{\"@id\":\"https:\\\/\\\/www.threefathersmemorial.ca\\\/fr\\\/avis-a-tous-les-marcheurs-et-coureurs\\\/#breadcrumb\"},\"inLanguage\":\"fr-FR\",\"potentialAction\":[{\"@type\":\"ReadAction\",\"target\":[\"https:\\\/\\\/www.threefathersmemorial.ca\\\/fr\\\/avis-a-tous-les-marcheurs-et-coureurs\\\/\"]}]},{\"@type\":\"ImageObject\",\"inLanguage\":\"fr-FR\",\"@id\":\"https:\\\/\\\/www.threefathersmemorial.ca\\\/fr\\\/avis-a-tous-les-marcheurs-et-coureurs\\\/#primaryimage\",\"url\":\"https:\\\/\\\/www.threefathersmemorial.ca\\\/wp-content\\\/uploads\\\/sites\\\/47\\\/2023\\\/04\\\/savethedatefrench.png\",\"contentUrl\":\"https:\\\/\\\/www.threefathersmemorial.ca\\\/wp-content\\\/uploads\\\/sites\\\/47\\\/2023\\\/04\\\/savethedatefrench.png\",\"width\":960,\"height\":1200},{\"@type\":\"BreadcrumbList\",\"@id\":\"https:\\\/\\\/www.threefathersmemorial.ca\\\/fr\\\/avis-a-tous-les-marcheurs-et-coureurs\\\/#breadcrumb\",\"itemListElement\":[{\"@type\":\"ListItem\",\"position\":1,\"name\":\"Home\",\"item\":\"https:\\\/\\\/www.threefathersmemorial.ca\\\/fr\\\/\"},{\"@type\":\"ListItem\",\"position\":2,\"name\":\"Avis \u00e0 tous les marcheurs et coureurs!\"}]},{\"@type\":\"WebSite\",\"@id\":\"https:\\\/\\\/www.threefathersmemorial.ca\\\/fr\\\/#website\",\"url\":\"https:\\\/\\\/www.threefathersmemorial.ca\\\/fr\\\/\",\"name\":\"Three Fathers Memorial\",\"description\":\"\",\"publisher\":{\"@id\":\"https:\\\/\\\/www.threefathersmemorial.ca\\\/fr\\\/#organization\"},\"potentialAction\":[{\"@type\":\"SearchAction\",\"target\":{\"@type\":\"EntryPoint\",\"urlTemplate\":\"https:\\\/\\\/www.threefathersmemorial.ca\\\/fr\\\/?s={search_term_string}\"},\"query-input\":{\"@type\":\"PropertyValueSpecification\",\"valueRequired\":true,\"valueName\":\"search_term_string\"}}],\"inLanguage\":\"fr-FR\"},{\"@type\":\"Organization\",\"@id\":\"https:\\\/\\\/www.threefathersmemorial.ca\\\/fr\\\/#organization\",\"name\":\"Three Fathers Memorial\",\"url\":\"https:\\\/\\\/www.threefathersmemorial.ca\\\/fr\\\/\",\"logo\":{\"@type\":\"ImageObject\",\"inLanguage\":\"fr-FR\",\"@id\":\"https:\\\/\\\/www.threefathersmemorial.ca\\\/fr\\\/#\\\/schema\\\/logo\\\/image\\\/\",\"url\":\"https:\\\/\\\/www.threefathersmemorial.ca\\\/wp-content\\\/uploads\\\/sites\\\/47\\\/2016\\\/03\\\/Three-Fathers-Event-Logo-Wide.png\",\"contentUrl\":\"https:\\\/\\\/www.threefathersmemorial.ca\\\/wp-content\\\/uploads\\\/sites\\\/47\\\/2016\\\/03\\\/Three-Fathers-Event-Logo-Wide.png\",\"width\":1200,\"height\":585,\"caption\":\"Three Fathers Memorial\"},\"image\":{\"@id\":\"https:\\\/\\\/www.threefathersmemorial.ca\\\/fr\\\/#\\\/schema\\\/logo\\\/image\\\/\"},\"sameAs\":[\"https:\\\/\\\/www.facebook.com\\\/Threefathersmemorialrun\\\/\"]},{\"@type\":\"Person\",\"@id\":\"https:\\\/\\\/www.threefathersmemorial.ca\\\/fr\\\/#\\\/schema\\\/person\\\/610605e0062559e9a1baf2d59bafe45e\",\"name\":\"threefathersmemorial\",\"image\":{\"@type\":\"ImageObject\",\"inLanguage\":\"fr-FR\",\"@id\":\"https:\\\/\\\/secure.gravatar.com\\\/avatar\\\/a8e8ec1706ff1877ec23a513ec9ba85166075ec42302d17e332dd8ae101ea100?s=96&d=mm&r=g\",\"url\":\"https:\\\/\\\/secure.gravatar.com\\\/avatar\\\/a8e8ec1706ff1877ec23a513ec9ba85166075ec42302d17e332dd8ae101ea100?s=96&d=mm&r=g\",\"contentUrl\":\"https:\\\/\\\/secure.gravatar.com\\\/avatar\\\/a8e8ec1706ff1877ec23a513ec9ba85166075ec42302d17e332dd8ae101ea100?s=96&d=mm&r=g\",\"caption\":\"threefathersmemorial\"}}]}<\/script>\n<!-- \/ Yoast SEO plugin. -->","yoast_head_json":{"title":"Avis \u00e0 tous les marcheurs et coureurs! - Three Fathers Memorial","robots":{"index":"index","follow":"follow","max-snippet":"max-snippet:-1","max-image-preview":"max-image-preview:large","max-video-preview":"max-video-preview:-1"},"canonical":"https:\/\/www.threefathersmemorial.ca\/fr\/avis-a-tous-les-marcheurs-et-coureurs\/","og_locale":"fr_FR","og_type":"article","og_title":"Avis \u00e0 tous les marcheurs et coureurs! - Three Fathers Memorial","og_description":"Nous sommes honor\u00e9s d'annoncer que l'inscription est maintenant ouverte pour notre prochaine Course comm\u00e9morative pour trois p\u00e8res qui se tiendra \u00e0 nouveau en personne le 18 juin 2023. Cet \u00e9v\u00e9nement est d\u00e9di\u00e9 \u00e0 honorer et \u00e0 se souvenir de trois h\u00e9ros locaux qui ont donn\u00e9 leur vie au service de notre communaut\u00e9. Notre marche\/course est [&hellip;]","og_url":"https:\/\/www.threefathersmemorial.ca\/fr\/avis-a-tous-les-marcheurs-et-coureurs\/","og_site_name":"Three Fathers Memorial","article_publisher":"https:\/\/www.facebook.com\/Threefathersmemorialrun\/","article_published_time":"2023-04-20T17:02:27+00:00","article_modified_time":"2023-04-20T17:10:16+00:00","og_image":[{"width":960,"height":1200,"url":"https:\/\/www.threefathersmemorial.ca\/wp-content\/uploads\/sites\/47\/2023\/04\/savethedatefrench.png","type":"image\/png"}],"author":"threefathersmemorial","twitter_card":"summary_large_image","twitter_misc":{"\u00c9crit par":"threefathersmemorial","Dur\u00e9e de lecture estim\u00e9e":"1 minute"},"schema":{"@context":"https:\/\/schema.org","@graph":[{"@type":"Article","@id":"https:\/\/www.threefathersmemorial.ca\/fr\/avis-a-tous-les-marcheurs-et-coureurs\/#article","isPartOf":{"@id":"https:\/\/www.threefathersmemorial.ca\/fr\/avis-a-tous-les-marcheurs-et-coureurs\/"},"author":{"name":"threefathersmemorial","@id":"https:\/\/www.threefathersmemorial.ca\/fr\/#\/schema\/person\/610605e0062559e9a1baf2d59bafe45e"},"headline":"Avis \u00e0 tous les marcheurs et coureurs!","datePublished":"2023-04-20T17:02:27+00:00","dateModified":"2023-04-20T17:10:16+00:00","mainEntityOfPage":{"@id":"https:\/\/www.threefathersmemorial.ca\/fr\/avis-a-tous-les-marcheurs-et-coureurs\/"},"wordCount":211,"publisher":{"@id":"https:\/\/www.threefathersmemorial.ca\/fr\/#organization"},"image":{"@id":"https:\/\/www.threefathersmemorial.ca\/fr\/avis-a-tous-les-marcheurs-et-coureurs\/#primaryimage"},"thumbnailUrl":"https:\/\/www.threefathersmemorial.ca\/wp-content\/uploads\/sites\/47\/2023\/04\/savethedatefrench.png","articleSection":["Non classifi\u00e9(e)"],"inLanguage":"fr-FR"},{"@type":"WebPage","@id":"https:\/\/www.threefathersmemorial.ca\/fr\/avis-a-tous-les-marcheurs-et-coureurs\/","url":"https:\/\/www.threefathersmemorial.ca\/fr\/avis-a-tous-les-marcheurs-et-coureurs\/","name":"Avis \u00e0 tous les marcheurs et coureurs! - Three Fathers Memorial","isPartOf":{"@id":"https:\/\/www.threefathersmemorial.ca\/fr\/#website"},"primaryImageOfPage":{"@id":"https:\/\/www.threefathersmemorial.ca\/fr\/avis-a-tous-les-marcheurs-et-coureurs\/#primaryimage"},"image":{"@id":"https:\/\/www.threefathersmemorial.ca\/fr\/avis-a-tous-les-marcheurs-et-coureurs\/#primaryimage"},"thumbnailUrl":"https:\/\/www.threefathersmemorial.ca\/wp-content\/uploads\/sites\/47\/2023\/04\/savethedatefrench.png","datePublished":"2023-04-20T17:02:27+00:00","dateModified":"2023-04-20T17:10:16+00:00","breadcrumb":{"@id":"https:\/\/www.threefathersmemorial.ca\/fr\/avis-a-tous-les-marcheurs-et-coureurs\/#breadcrumb"},"inLanguage":"fr-FR","potentialAction":[{"@type":"ReadAction","target":["https:\/\/www.threefathersmemorial.ca\/fr\/avis-a-tous-les-marcheurs-et-coureurs\/"]}]},{"@type":"ImageObject","inLanguage":"fr-FR","@id":"https:\/\/www.threefathersmemorial.ca\/fr\/avis-a-tous-les-marcheurs-et-coureurs\/#primaryimage","url":"https:\/\/www.threefathersmemorial.ca\/wp-content\/uploads\/sites\/47\/2023\/04\/savethedatefrench.png","contentUrl":"https:\/\/www.threefathersmemorial.ca\/wp-content\/uploads\/sites\/47\/2023\/04\/savethedatefrench.png","width":960,"height":1200},{"@type":"BreadcrumbList","@id":"https:\/\/www.threefathersmemorial.ca\/fr\/avis-a-tous-les-marcheurs-et-coureurs\/#breadcrumb","itemListElement":[{"@type":"ListItem","position":1,"name":"Home","item":"https:\/\/www.threefathersmemorial.ca\/fr\/"},{"@type":"ListItem","position":2,"name":"Avis \u00e0 tous les marcheurs et coureurs!"}]},{"@type":"WebSite","@id":"https:\/\/www.threefathersmemorial.ca\/fr\/#website","url":"https:\/\/www.threefathersmemorial.ca\/fr\/","name":"Three Fathers Memorial","description":"","publisher":{"@id":"https:\/\/www.threefathersmemorial.ca\/fr\/#organization"},"potentialAction":[{"@type":"SearchAction","target":{"@type":"EntryPoint","urlTemplate":"https:\/\/www.threefathersmemorial.ca\/fr\/?s={search_term_string}"},"query-input":{"@type":"PropertyValueSpecification","valueRequired":true,"valueName":"search_term_string"}}],"inLanguage":"fr-FR"},{"@type":"Organization","@id":"https:\/\/www.threefathersmemorial.ca\/fr\/#organization","name":"Three Fathers Memorial","url":"https:\/\/www.threefathersmemorial.ca\/fr\/","logo":{"@type":"ImageObject","inLanguage":"fr-FR","@id":"https:\/\/www.threefathersmemorial.ca\/fr\/#\/schema\/logo\/image\/","url":"https:\/\/www.threefathersmemorial.ca\/wp-content\/uploads\/sites\/47\/2016\/03\/Three-Fathers-Event-Logo-Wide.png","contentUrl":"https:\/\/www.threefathersmemorial.ca\/wp-content\/uploads\/sites\/47\/2016\/03\/Three-Fathers-Event-Logo-Wide.png","width":1200,"height":585,"caption":"Three Fathers Memorial"},"image":{"@id":"https:\/\/www.threefathersmemorial.ca\/fr\/#\/schema\/logo\/image\/"},"sameAs":["https:\/\/www.facebook.com\/Threefathersmemorialrun\/"]},{"@type":"Person","@id":"https:\/\/www.threefathersmemorial.ca\/fr\/#\/schema\/person\/610605e0062559e9a1baf2d59bafe45e","name":"threefathersmemorial","image":{"@type":"ImageObject","inLanguage":"fr-FR","@id":"https:\/\/secure.gravatar.com\/avatar\/a8e8ec1706ff1877ec23a513ec9ba85166075ec42302d17e332dd8ae101ea100?s=96&d=mm&r=g","url":"https:\/\/secure.gravatar.com\/avatar\/a8e8ec1706ff1877ec23a513ec9ba85166075ec42302d17e332dd8ae101ea100?s=96&d=mm&r=g","contentUrl":"https:\/\/secure.gravatar.com\/avatar\/a8e8ec1706ff1877ec23a513ec9ba85166075ec42302d17e332dd8ae101ea100?s=96&d=mm&r=g","caption":"threefathersmemorial"}}]}},"_links":{"self":[{"href":"https:\/\/www.threefathersmemorial.ca\/fr\/wp-json\/wp\/v2\/posts\/253","targetHints":{"allow":["GET"]}}],"collection":[{"href":"https:\/\/www.threefathersmemorial.ca\/fr\/wp-json\/wp\/v2\/posts"}],"about":[{"href":"https:\/\/www.threefathersmemorial.ca\/fr\/wp-json\/wp\/v2\/types\/post"}],"author":[{"embeddable":true,"href":"https:\/\/www.threefathersmemorial.ca\/fr\/wp-json\/wp\/v2\/users\/22"}],"replies":[{"embeddable":true,"href":"https:\/\/www.threefathersmemorial.ca\/fr\/wp-json\/wp\/v2\/comments?post=253"}],"version-history":[{"count":2,"href":"https:\/\/www.threefathersmemorial.ca\/fr\/wp-json\/wp\/v2\/posts\/253\/revisions"}],"predecessor-version":[{"id":259,"href":"https:\/\/www.threefathersmemorial.ca\/fr\/wp-json\/wp\/v2\/posts\/253\/revisions\/259"}],"wp:featuredmedia":[{"embeddable":true,"href":"https:\/\/www.threefathersmemorial.ca\/fr\/wp-json\/wp\/v2\/media\/255"}],"wp:attachment":[{"href":"https:\/\/www.threefathersmemorial.ca\/fr\/wp-json\/wp\/v2\/media?parent=253"}],"wp:term":[{"taxonomy":"category","embeddable":true,"href":"https:\/\/www.threefathersmemorial.ca\/fr\/wp-json\/wp\/v2\/categories?post=253"},{"taxonomy":"post_tag","embeddable":true,"href":"https:\/\/www.threefathersmemorial.ca\/fr\/wp-json\/wp\/v2\/tags?post=253"}],"curies":[{"name":"wp","href":"https:\/\/api.w.org\/{rel}","templated":true}]}}